{"id":288,"date":"2012-07-10T14:23:17","date_gmt":"2012-07-10T19:23:17","guid":{"rendered":"http:\/\/www.animecronos.co.cc\/blog\/?p=288"},"modified":"2012-07-10T14:23:17","modified_gmt":"2012-07-10T19:23:17","slug":"anime-clasico-en-cadena-3","status":"publish","type":"post","link":"http:\/\/animecronos.com.mx\/blog\/2012\/07\/anime-clasico-en-cadena-3\/","title":{"rendered":"Anime Cl\u00e1sico en Cadena 3"},"content":{"rendered":"<p><!--more-->Desde el pasado s\u00e1bado 7 de Julio en canal Cadena 3 trasmiten bloque de anime cl\u00e1sicos, los s\u00e1bados y domingos, estos son:<\/p>\n<p>Remi a las 7:00<\/p>\n<p>La Peque\u00f1a Laura a las 7:30<\/p>\n<p>Heidi a las 8:00<\/p>\n<p>Mazinger Z a las 8:30 (Una hora)<\/p>\n<p>Mazinger Z a las 8:30 (Una hora)<\/p>\n","protected":false},"excerpt":{"rendered":"","protected":false},"author":1,"featured_media":0,"comment_status":"open","ping_status":"open","sticky":false,"template":"","format":"standard","meta":{"footnotes":""},"categories":[4],"tags":[32,52,77],"_links":{"self":[{"href":"http:\/\/animecronos.com.mx\/blog\/wp-json\/wp\/v2\/posts\/288"}],"collection":[{"href":"http:\/\/animecronos.com.mx\/blog\/wp-json\/wp\/v2\/posts"}],"about":[{"href":"http:\/\/animecronos.com.mx\/blog\/wp-json\/wp\/v2\/types\/post"}],"author":[{"embeddable":true,"href":"http:\/\/animecronos.com.mx\/blog\/wp-json\/wp\/v2\/users\/1"}],"replies":[{"embeddable":true,"href":"http:\/\/animecronos.com.mx\/blog\/wp-json\/wp\/v2\/comments?post=288"}],"version-history":[{"count":0,"href":"http:\/\/animecronos.com.mx\/blog\/wp-json\/wp\/v2\/posts\/288\/revisions"}],"wp:attachment":[{"href":"http:\/\/animecronos.com.mx\/blog\/wp-json\/wp\/v2\/media?parent=288"}],"wp:term":[{"taxonomy":"category","embeddable":true,"href":"http:\/\/animecronos.com.mx\/blog\/wp-json\/wp\/v2\/categories?post=288"},{"taxonomy":"post_tag","embeddable":true,"href":"http:\/\/animecronos.com.mx\/blog\/wp-json\/wp\/v2\/tags?post=288"}],"curies":[{"name":"wp","href":"https:\/\/api.w.org\/{rel}","templated":true}]}}